{"id":306,"date":"2026-05-01T13:14:21","date_gmt":"2026-05-01T17:14:21","guid":{"rendered":"https:\/\/irelays.com\/?p=306"},"modified":"2026-05-01T13:14:23","modified_gmt":"2026-05-01T17:14:23","slug":"tratamientos-efectivos-para-las-manchas-oscuras-en-la-piel","status":"publish","type":"post","link":"https:\/\/irelays.com\/?p=306","title":{"rendered":"Tratamientos efectivos para las manchas oscuras en la piel"},"content":{"rendered":"\n<figure class=\"wp-block-image size-large\"><img loading=\"lazy\" decoding=\"async\" width=\"1024\" height=\"683\" src=\"https:\/\/irelays.com\/wp-content\/uploads\/2026\/05\/manchas-en-la-piel_2-1024x683.webp\" alt=\"\" class=\"wp-image-307\" srcset=\"https:\/\/irelays.com\/wp-content\/uploads\/2026\/05\/manchas-en-la-piel_2-1024x683.webp 1024w, https:\/\/irelays.com\/wp-content\/uploads\/2026\/05\/manchas-en-la-piel_2-300x200.webp 300w, https:\/\/irelays.com\/wp-content\/uploads\/2026\/05\/manchas-en-la-piel_2-768x512.webp 768w, https:\/\/irelays.com\/wp-content\/uploads\/2026\/05\/manchas-en-la-piel_2-1536x1024.webp 1536w, https:\/\/irelays.com\/wp-content\/uploads\/2026\/05\/manchas-en-la-piel_2.webp 1920w\" sizes=\"auto, (max-width: 1024px) 100vw, 1024px\" \/><\/figure>\n\n\n\n<h2 class=\"wp-block-heading\" id=\"qu-son-las-manchas-oscuras-en-la-piel\"><strong>\u00bfQu\u00e9 son las manchas oscuras en la piel?<\/strong><\/h2>\n\n\n\n<p>Las\u00a0<strong>manchas en la piel<\/strong>\u00a0son un problema est\u00e9tico muy com\u00fan que surge cuando en alg\u00fan \u00e1rea espec\u00edfica del cuerpo se\u00a0producen\u00a0altos niveles de\u00a0<strong>melanina<\/strong>. Esto da como resultado una\u00a0<strong>hiperpigmentaci\u00f3n<\/strong>\u00a0en la zona.<\/p>\n\n\n\n<p>&nbsp;Estas&nbsp;<strong>manchas solares&nbsp;<\/strong>aparecen con mayor frecuencia en la cara, pero tambi\u00e9n en manos, cuello y escote<strong><\/strong>debido a que son las partes del cuerpo m\u00e1s<strong>&nbsp;expuestas al sol<\/strong>.&nbsp;<\/p>\n\n\n\n<h2 class=\"wp-block-heading\" id=\"por-qu-aparecen-las-manchas-en-la-piel\"><strong>\u00bfPor qu\u00e9 aparecen las manchas en la piel?<\/strong><\/h2>\n\n\n\n<p>Son muy variadas las razones por las que pueden aparecer, pero&nbsp;<strong>las principales causas son las siguientes<\/strong>:<\/p>\n\n\n\n<p>\u00a0\u25cf\u00a0<strong>Exposici\u00f3n solar.\u00a0<\/strong>Es el factor fundamental de aparici\u00f3n de manchas, especialmente si no se utiliza ning\u00fan tipo de\u00a0<strong>fotoprotecci\u00f3n<\/strong>. Cabe mencionar que la exposici\u00f3n solar no solo puede causar manchas durante el verano, puesto que\u00a0<strong>los rayos UV est\u00e1n presentes todo el a\u00f1o<\/strong>.<\/p>\n\n\n\n<p>&nbsp;\u25cf&nbsp;<strong>Factores gen\u00e9ticos.<\/strong>&nbsp;Ciertos fototipos o tonos de piel experimentan un&nbsp;<strong>mayor riesgo de presentar manchas oscuras en la piel<\/strong>. Espec\u00edficamente, las pieles oscuras y los fototipos m\u00e1s altos son los que tienen m\u00e1s riesgo de padecer este tipo de manchas.<\/p>\n\n\n\n<p>&nbsp;\u25cf&nbsp;<strong>Cambios hormonales.<\/strong>&nbsp;En las mujeres, el riesgo de presentar manchas oscuras se incrementa si se dan cambios hormonales. Estos pueden deberse al uso de anticonceptivos, al embarazo o a la menopausia porque tales cambios pueden&nbsp;<strong>alterar la formaci\u00f3n de melanina en diferentes zonas.<\/strong><\/p>\n\n\n\n<p><strong>&nbsp;<\/strong>\u25cf&nbsp;<strong>Fotoenvejecimiento.<\/strong>&nbsp;El efecto de los radicales libres y los da\u00f1os por la radiaci\u00f3n solar producen un&nbsp;<strong>envejecimiento en la piel<\/strong>&nbsp;que va m\u00e1s all\u00e1 de los signos de la edad, conocido como fotoenvejecimiento. Esto se traduce en un debilitamiento de la protecci\u00f3n natural de la piel que la hace&nbsp;<strong>m\u00e1s propicia a desarrollar manchas oscuras<\/strong>.<\/p>\n\n\n\n<p>&nbsp;\u25cf&nbsp;<strong>Envejecimiento.<\/strong>&nbsp;El&nbsp;<a href=\"https:\/\/www.laroche-posay.es\/article\/las-arrugas-causadas-por-el-envejecimiento-de-la-piel-y-tratadas-con-ingredientes-activos-especificos\" target=\"_blank\" rel=\"noopener\">envejecimiento natural<\/a>&nbsp;es uno de los principales causantes de las&nbsp;<strong>manchas oscuras en la piel<\/strong>. Esto se debe a que al envejecer&nbsp;<strong>se reduce la cantidad de melanocitos<\/strong>. Aquellos que contin\u00faan presentes en la piel tienden a lograr una distribuci\u00f3n m\u00e1s focalizada debido al aumento de su tama\u00f1o, por lo que es com\u00fan que se acumulen en algunas \u00e1reas formando manchas oscuras en la piel.<\/p>\n\n\n\n<figure class=\"wp-block-image\"><img decoding=\"async\" src=\"https:\/\/www.laroche-posay.es\/-\/media\/project\/loreal\/brand-sites\/lrp\/emea\/es\/articles\/anti-age\/manchas-en-la-piel_3.jpg?la=es-es&amp;hash=98236BA1149D2B8A2F956701F06B079D\" alt=\"\"\/><\/figure>\n\n\n\n<h2 class=\"wp-block-heading\" id=\"tipos-de-manchas-en-la-cara\"><strong>Tipos de manchas en la cara<\/strong><\/h2>\n\n\n\n<p>Seg\u00fan sus caracter\u00edsticas&nbsp;<strong>puede haber tres tipos de manchas en la cara:<\/strong><\/p>\n\n\n\n<h3 class=\"wp-block-heading\">Manchas solares<\/h3>\n\n\n\n<p>Las&nbsp;<a href=\"https:\/\/www.laroche-posay.es\/article\/manchas-solares-en-la-piel\" target=\"_blank\" rel=\"noopener\">manchas solares<\/a>&nbsp;son&nbsp;<strong>manchas oscuras, ovaladas o redondas y planas<\/strong>, generalmente de color marr\u00f3n oscuro, que se producen cuando la piel no es capaz de mantenerse en buen estado ante una&nbsp;<strong>excesiva exposici\u00f3n a los rayos ultravioleta<\/strong>. Suelen aparecer en las \u00e1reas expuestas al sol, como el rostro, el cuello, las manos y los brazos.<\/p>\n\n\n\n<h3 class=\"wp-block-heading\">Manchas postinflamatorias<\/h3>\n\n\n\n<p>Las<strong>&nbsp;manchas postinflamatorias<\/strong>&nbsp;son \u00e1reas de pigmentaci\u00f3n oscura o enrojecida que aparecen en la piel despu\u00e9s de la inflamaci\u00f3n causada por afecciones como el&nbsp;<strong>acn\u00e9, cicatrices o procedimientos est\u00e9ticos<\/strong>. Estas manchas son el resultado de la producci\u00f3n excesiva de melanina en respuesta a la inflamaci\u00f3n y pueden persistir durante semanas o incluso meses despu\u00e9s de que la inflamaci\u00f3n inicial haya disminuido.<\/p>\n\n\n\n<h3 class=\"wp-block-heading\">Manchas seniles<\/h3>\n\n\n\n<p>Las manchas seniles, tambi\u00e9n conocidas como<strong>&nbsp;lentigos seniles<\/strong>, son&nbsp;<strong>manchas que pueden variar en color desde marr\u00f3n claro hasta marr\u00f3n oscuro<\/strong>, normalmente peque\u00f1as y de forma redondeada que aparecen en la piel. Pueden ser<strong>&nbsp;causados por la gen\u00e9tica o el envejecimiento<\/strong>, de ah\u00ed su nombre \u00abmanchas seniles\u00bb. Los lentigos pueden aparecer en cualquier parte del cuerpo y pueden aumentar en n\u00famero con la edad.<\/p>\n\n\n\n<h3 class=\"wp-block-heading\"><a><\/a>Manchas durante el embarazo<\/h3>\n\n\n\n<p>Las manchas en la cara durante el embarazo, tambi\u00e9n llamadas&nbsp;<strong>m\u00e1scaras de embarazo<\/strong>, se relacionan con los cambios hormonales propios del embarazo. Generalmente, aparecen en las mejillas, frente y nariz y tienen forma de&nbsp;<strong>placas marrones&nbsp;<\/strong>color caf\u00e9 con leche.<\/p>\n\n\n\n<h3 class=\"wp-block-heading\"><a><\/a>Melasma<\/h3>\n\n\n\n<p>El melasma es una&nbsp;<strong>mancha oscura y plana<\/strong>&nbsp;que aparece en la piel, generalmente en la frente, las mejillas y el labio superior. Es m\u00e1s com\u00fan en mujeres y se asocia principalmente a&nbsp;<strong>cambios hormonales<\/strong>.<\/p>\n\n\n\n<h3 class=\"wp-block-heading\"><a><\/a>Pecas<\/h3>\n\n\n\n<p>Son peque\u00f1as<strong>&nbsp;manchas marrones o negras<\/strong>&nbsp;que aparecen en la piel, generalmente en la cara, el cuello y los hombros. Son m\u00e1s comunes en personas con piel clara y se desarrollan debido a factores gen\u00e9ticos.<\/p>\n\n\n\n<h3 class=\"wp-block-heading\"><a><\/a>Nevus o lunares<\/h3>\n\n\n\n<p>Son&nbsp;<strong>manchas de piel m\u00e1s oscuras<\/strong>&nbsp;que pueden ser de diferentes tama\u00f1os y formas. Algunas pueden ser planas, mientras que otros pueden tener una forma elevada. Algunos nevus pueden estar presentes al nacer, mientras que otros se desarrollan con el tiempo.<\/p>\n\n\n\n<figure class=\"wp-block-image\"><img decoding=\"async\" src=\"https:\/\/www.laroche-posay.es\/-\/media\/project\/loreal\/brand-sites\/lrp\/emea\/es\/articles\/anti-age\/manchas-en-la-piel_1.jpg?la=es-es&amp;hash=57E397C9F94163C025D48F57E8F36F22\" alt=\"\"\/><\/figure>\n\n\n\n<h3 class=\"wp-block-heading\">Manchas de nacimiento<\/h3>\n\n\n\n<p>Son manchas en la piel que est\u00e1n&nbsp;<strong>presentes al nacer&nbsp;<\/strong>o que aparecen poco despu\u00e9s del nacimiento. Pueden variar en tama\u00f1o, forma y color y pueden estar presentes en cualquier parte del cuerpo.<\/p>\n\n\n\n<p>Recuerda que siempre es importante consultar a un dermat\u00f3logo para evaluar cualquier mancha nueva o cambiante en la piel, ya que puede ser un signo de un problema de salud subyacente.<\/p>\n\n\n\n<h2 class=\"wp-block-heading\" id=\"por-qu-aparecen-las-manchas-solares\"><strong>\u00bfPor qu\u00e9 aparecen las manchas solares?<\/strong><\/h2>\n\n\n\n<p>La exposici\u00f3n al sol es el factor principal en la aparici\u00f3n de este tipo de manchas. La piel tiene&nbsp;<strong>c\u00e9lulas llamadas melanocitos que producen melanina como una forma de protecci\u00f3n contra los efectos da\u00f1inos del sol.<\/strong>&nbsp;Cuando la piel se expone al sol, los melanocitos producen melanina en un intento de absorber la radiaci\u00f3n UV y proteger las capas m\u00e1s profundas de la piel y el ADN de las c\u00e9lulas. Sin embargo, en algunas de estas \u00e1reas, como la cara, los brazos y los hombros, la producci\u00f3n de melanina y las c\u00e9lulas que la producen, pueden alterarse, lo que resulta en la formaci\u00f3n de manchas solares.<\/p>\n\n\n\n<h2 class=\"wp-block-heading\" id=\"cmo-evitar-las-manchas-solares\"><strong>\u00bfC\u00f3mo evitar las manchas solares?<\/strong><\/h2>\n\n\n\n<p>Siempre nos cuentan la importancia de utilizar un protector solar apropiado para prevenir o atenuar esas manchas producto del sol, \u00bfpero sabes exactamente por qu\u00e9 surgen? A continuaci\u00f3n te damos unos consejos para prevenir las manchas solares:<\/p>\n\n\n\n<h3 class=\"wp-block-heading\"><a><\/a>Utilizar un protector solar con un SPF elevado<\/h3>\n\n\n\n<p>El uso de un&nbsp;<strong>protector solar<\/strong>&nbsp;con un factor de protecci\u00f3n solar (SPF) de amplio espectro es fundamental para proteger la piel del da\u00f1o causado por la radiaci\u00f3n UV. Nuestros&nbsp;<a href=\"https:\/\/www.laroche-posay.es\/article\/pigmentacion-manchas-oscuras-melasma-y-arrugas-por-que-el-protector-solar-es-el-mejor-producto-antiedad\" target=\"_blank\" rel=\"noopener\"><strong>protectores solares<\/strong><\/a>&nbsp;est\u00e1n formulados con tecnolog\u00eda de vanguardia y son aptos para diferentes tipos de piel. Adem\u00e1s, muchos productos est\u00e1n&nbsp;<strong>enriquecidos con antioxidantes&nbsp;<\/strong>para proporcionar una protecci\u00f3n adicional contra los radicales libres generados por la exposici\u00f3n al sol y que pueden contribuir al&nbsp;<strong>envejecimiento prematuro&nbsp;<\/strong>de la piel.<\/p>\n\n\n\n<h3 class=\"wp-block-heading\"><a><\/a>Usar despigmentantes<\/h3>\n\n\n\n<p>Los despigmentantes son sustancias que ayudan a<strong>&nbsp;reducir la producci\u00f3n de melanina&nbsp;<\/strong>en la piel, lo que puede ser \u00fatil para reducir la apariencia de manchas oscuras o hiperpigmentaci\u00f3n. Algunos de los despigmentantes m\u00e1s comunes son el&nbsp;<strong>\u00e1cido k\u00f3jico, el \u00e1cido asc\u00f3rbico, el \u00e1cido glic\u00f3lico y el \u00e1cido l\u00e1ctico<\/strong>.<\/p>\n\n\n\n<p>Por otro lado, la niacinamida es una forma de&nbsp;<strong>vitamina B3<\/strong>&nbsp;que se ha convertido en un ingrediente muy popular en productos para el cuidado de la piel debido a sus m\u00faltiples beneficios. Se ha demostrado que la niacinamida ayuda a&nbsp;<strong>mejorar la funci\u00f3n de la barrera cut\u00e1nea, reduce la inflamaci\u00f3n y la producci\u00f3n de sebo<\/strong>, y tambi\u00e9n puede ayudar a&nbsp;<strong>reducir la apariencia de manchas oscuras<\/strong>&nbsp;o hiperpigmentaci\u00f3n en la piel. La niacinamida puede ser una alternativa m\u00e1s suave a algunos de los despigmentantes m\u00e1s fuertes, siendo ideal para&nbsp;<a href=\"https:\/\/www.laroche-posay.es\/piel-sensible\" target=\"_blank\" rel=\"noopener\">las pieles sensibles<\/a>.<\/p>\n\n\n\n<h2 class=\"wp-block-heading\" id=\"los-mejores-productos-para-evitar-las-manchas-de-sol\"><strong>Los mejores productos para evitar las manchas de sol<\/strong><\/h2>\n\n\n\n<p>Para la prevenci\u00f3n de las manchas oscuras en la piel, es clave contar con&nbsp;<strong>productos de fotoprotecci\u00f3n adecuados<\/strong>&nbsp;cada vez que la piel sea expuesta a los rayos solares.<\/p>\n\n\n\n<h3 class=\"wp-block-heading\">1.&nbsp;&nbsp;<strong>Gel limpiador despigmentante MELA B3<\/strong><\/h3>\n\n\n\n<p>El&nbsp;<a href=\"https:\/\/www.laroche-posay.es\/mela-b3\/mela-b3-gel-limpiador-facial-exfoliante-antimanchas\" target=\"_blank\" rel=\"noopener\"><strong>Gel limpiador despigmentante MELA B3<\/strong><\/a>&nbsp;es un clarificante unificador del tono de la piel. Su eficacia est\u00e1 cl\u00ednicamente probada para&nbsp;<strong>corregir las manchas oscuras, purificar y renovar la piel.&nbsp;<\/strong>Aplic\u00e1ndolo durante 8 semanas de forma continuada en tu rostro, el 94%* de las manchas parecen menos visibles y el 83%** de las mujeres nota su tez m\u00e1s radiante.<\/p>\n\n\n\n<p>Su composici\u00f3n incluye&nbsp;<strong>Melasy<\/strong><strong>l<sup>TM<\/sup><\/strong>multi-patentado, un nuevo activo para&nbsp;<strong>combatir la hiperpigmentaci\u00f3n<\/strong>;<strong>&nbsp;Niacinamida<\/strong>, una vitamina hidrosoluble muy utilizada en el cuidado facial por su capacidad para calmar la piel,&nbsp;<strong>reforzar la barrera cut\u00e1nea y corregir las manchas oscuras<\/strong>; y&nbsp;<strong>PHA<\/strong>, una familia de activos que act\u00faa como&nbsp;<strong>exfoliante qu\u00edmico suave<\/strong>&nbsp;que puede ayudar a mejorar la textura de la piel y promover un&nbsp;<strong>tono m\u00e1s uniforme sin la irritaci\u00f3n&nbsp;<\/strong>que a veces pueden causar los AHA y BHA.<\/p>\n\n\n\n<p>Adem\u00e1s, sus resultados son remanentes, es decir, se mantienen incluso despu\u00e9s de dejar de usar el producto. Tiene una textura ligera y espumosa que hace que se extienda f\u00e1cilmente por la piel y se enjuague con facilidad. No deja una sensaci\u00f3n grasosa ni pegajosa en la piel.<\/p>\n\n\n\n<p>*Estudio cl\u00ednico, 50 mujeres, 8 semanas, % de sujetos que presentan una mejora.<br>**Test de consumidores, 167 mujeres, 4 semanas.<\/p>\n\n\n\n<h3 class=\"wp-block-heading\">2.&nbsp;<strong>MELA B3 S\u00e9rum<\/strong><\/h3>\n\n\n\n<p>El&nbsp;<a href=\"https:\/\/www.laroche-posay.es\/mela-b3\/mela-b3-serum-despigmentante-con-niacinamida\" target=\"_blank\" rel=\"noopener\"><strong>s\u00e9rum intensivo concentrado Mela B3<\/strong><\/a>&nbsp;es una soluci\u00f3n despigmentante dise\u00f1ada para abordar las manchas del sol, melasma o marcas de acn\u00e9 en la piel, las manchas antiinflamatorias, entre otras. Su f\u00f3rmula&nbsp;<strong>disimula las manchas oscuras<\/strong>, incluso las m\u00e1s persistentes, y&nbsp;<strong>previene su reaparici\u00f3n<\/strong>. Ha sido cl\u00ednicamente probado en una amplia gama de tonos de piel y tipos de manchas, incluyendo las relacionadas con la&nbsp;<strong>edad<\/strong>,&nbsp;<strong>exposici\u00f3n solar y marcas pigmentadas como las post-acn\u00e9 o post-cicatrizaci\u00f3n<\/strong>. Los resultados son claros: las manchas persistentes se reducen un 85%* en dos meses con eficacia anti-reaparici\u00f3n**. Este s\u00e9rum ofrece una eficacia \u00f3ptima, garantizando al mismo tiempo que no obstruye los poros al ser&nbsp;<strong>no comedog\u00e9nico<\/strong>.<\/p>\n\n\n\n<p>Sus beneficios incluyen la unificaci\u00f3n del tono de la piel al reducir la hiperpigmentaci\u00f3n, as\u00ed como una eficacia anti-reaparici\u00f3n y un aporte de luminosidad al rostro. Todo esto se logra gracias a su f\u00f3rmula innovadora que contiene&nbsp;<strong>Melasyl<sup>TM<\/sup><\/strong>, un activo que ha demostrado una eficacia superior en la lucha contra la hiperpigmentaci\u00f3n en comparaci\u00f3n con otros cinco activos de referencia*** en la prevenci\u00f3n y tratamiento de manchas. Adem\u00e1s, incorpora&nbsp;<strong>niacinamida<\/strong>, que como se ha comentado anteriormente, es com\u00fanmente conocida por su capacidad para calmar la piel, fortalecer la barrera cut\u00e1nea y corregir las manchas oscuras.<\/p>\n\n\n\n<p>*Resultado cl\u00ednico en 41 mujeres con una mancha persistente &#8211; 8 semanas.<br>**Estudio cl\u00ednico en 73 mujeres, 2 semanas anti-reaparici\u00f3n, despu\u00e9s de aplicar el producto durante 8 semanas.<br>***Estudio In vitro: 14 estudios de 15 a 30 mujeres de fototipo 3. Aplicaci\u00f3n de Melasyl y 13 otras mol\u00e9culas. Resultados randomizados y protocolo a ciegas, 5 d\u00edas durante 6 semanas con dosis de exposici\u00f3n UV 4mg\/cm2.<\/p>\n\n\n\n<h3 class=\"wp-block-heading\">3.&nbsp;<strong>Anthelios Age Correct SPF50<\/strong><\/h3>\n\n\n\n<p>La crema solar<a href=\"https:\/\/www.laroche-posay.es\/anthelios\/anthelios-age-correct-spf-50\" target=\"_blank\" rel=\"noopener\"><strong>Anthelios&nbsp;<\/strong>Age Correct SPF50<\/a>&nbsp;es una crema suave con \u00e1cido hialur\u00f3nico que con poder antioxidante que te permite tener un efecto hidratante en tu rutina diaria. Dentro de sus componentes tambi\u00e9n contiene niacinamida y Phe Resorcinol, ambos ideales para tratar la hiperpigmentaci\u00f3n.<\/p>\n\n\n\n<p>Esta crema solar ofrece una alta protecci\u00f3n solar gracias a la tecnolog\u00eda&nbsp;<strong>CELLOX-B3 TECH con Mexoryl XL&nbsp;<\/strong>. Ambos ayudan a limitar los da\u00f1os producidos por los rayos UVA\/UVB del sol. Adem\u00e1s, gracias a su textura ultraligera te permitir\u00e1 tener la piel hidratada durante 24h<\/p>\n\n\n\n<h3 class=\"wp-block-heading\"><a><\/a>4.&nbsp;<a href=\"https:\/\/www.laroche-posay.es\/sitecore\/service\/notfound.aspx?item=web%3a%7b72E5B5EE-4970-4954-98A0-442CCEB642C0%7d%40es-ES\" target=\"_blank\" rel=\"noopener\">Anthelios UMVUNE 400 Invisible SPF50 + Sin Perfume<\/a><\/h3>\n\n\n\n<figure class=\"wp-block-image\"><img decoding=\"async\" src=\"https:\/\/www.laroche-posay.es\/-\/media\/project\/loreal\/brand-sites\/lrp\/emea\/es\/products\/anthelios\/anthelios-uvmune\/lrpproductpagesunantheliosuvmune400fluidapspf503337875797580front.png?h=300&amp;la=es-es&amp;w=300&amp;hash=B9E1A5E9F0E9429380EAD708E75BF770\" alt=\"proteccion solar piel sensible\"\/><\/figure>\n\n\n\n<p>Este protector solar contiene una&nbsp;<strong>TECNOLOG\u00cdA XL-PROTEC&nbsp;<\/strong>que proporciona una protecci\u00f3n avanzada UVA\/UVB.&nbsp;&nbsp;Adem\u00e1s, ayuda a proteger tu piel de las inclemencias de la contaminaci\u00f3n e infrarrojos.<\/p>\n\n\n\n<p>Esta crema,&nbsp;<a href=\"https:\/\/www.laroche-posay.es\/anthelios\/anthelios-uvmune-400-fluido-invisible-spf-50-plus-sin-perfume\" target=\"_blank\" rel=\"noopener\"><strong>Anthelios UMVUNE 400 Invisible SPF50 + Sin Perfume<\/strong><\/a>&nbsp;destaca a diferencia del Age Correct, por su&nbsp;textura ultra fluida, lo que permite tener un acabado invisible sin sensaciones grasas o pegajosas, lo que la hace una crema perfecta para la actividad diaria.&nbsp;<\/p>\n\n\n\n<p>En definitiva, la&nbsp;<strong>protecci\u00f3n solar y los componentes despigmentantes<\/strong>&nbsp;son dos de los aspectos m\u00e1s importantes para combatir las manchas en la piel y&nbsp;<strong>mantenerla sana y radiante<\/strong>. Sea cual sea el tipo de manchas en la piel que tengas, La Roche Posay cuenta con&nbsp;<strong>protectores solares para todo tipo de piel<\/strong>&nbsp;y con diversos compuestos de acuerdo a lo que necesites.<\/p>\n","protected":false},"excerpt":{"rendered":"<p>\u00bfQu\u00e9 son las manchas oscuras en la piel? Las\u00a0manchas en la piel\u00a0son un problema est\u00e9tico muy com\u00fan que surge cuando en alg\u00fan \u00e1rea espec\u00edfica del cuerpo se\u00a0producen\u00a0altos niveles de\u00a0melanina. Esto da como resultado una\u00a0hiperpigmentaci\u00f3n\u00a0en la zona. &nbsp;Estas&nbsp;manchas solares&nbsp;aparecen con mayor frecuencia en la cara, pero tambi\u00e9n en manos, cuello y escotedebido a que son las [&hellip;]<\/p>\n","protected":false},"author":1,"featured_media":307,"comment_status":"open","ping_status":"open","sticky":false,"template":"","format":"standard","meta":{"_jetpack_memberships_contains_paid_content":false,"footnotes":""},"categories":[1],"tags":[],"class_list":["post-306","post","type-post","status-publish","format-standard","has-post-thumbnail","hentry","category-blog"],"aioseo_notices":[],"jetpack_featured_media_url":"https:\/\/irelays.com\/wp-content\/uploads\/2026\/05\/manchas-en-la-piel_2.webp","jetpack_sharing_enabled":true,"_links":{"self":[{"href":"https:\/\/irelays.com\/index.php?rest_route=\/wp\/v2\/posts\/306","targetHints":{"allow":["GET"]}}],"collection":[{"href":"https:\/\/irelays.com\/index.php?rest_route=\/wp\/v2\/posts"}],"about":[{"href":"https:\/\/irelays.com\/index.php?rest_route=\/wp\/v2\/types\/post"}],"author":[{"embeddable":true,"href":"https:\/\/irelays.com\/index.php?rest_route=\/wp\/v2\/users\/1"}],"replies":[{"embeddable":true,"href":"https:\/\/irelays.com\/index.php?rest_route=%2Fwp%2Fv2%2Fcomments&post=306"}],"version-history":[{"count":1,"href":"https:\/\/irelays.com\/index.php?rest_route=\/wp\/v2\/posts\/306\/revisions"}],"predecessor-version":[{"id":308,"href":"https:\/\/irelays.com\/index.php?rest_route=\/wp\/v2\/posts\/306\/revisions\/308"}],"wp:featuredmedia":[{"embeddable":true,"href":"https:\/\/irelays.com\/index.php?rest_route=\/wp\/v2\/media\/307"}],"wp:attachment":[{"href":"https:\/\/irelays.com\/index.php?rest_route=%2Fwp%2Fv2%2Fmedia&parent=306"}],"wp:term":[{"taxonomy":"category","embeddable":true,"href":"https:\/\/irelays.com\/index.php?rest_route=%2Fwp%2Fv2%2Fcategories&post=306"},{"taxonomy":"post_tag","embeddable":true,"href":"https:\/\/irelays.com\/index.php?rest_route=%2Fwp%2Fv2%2Ftags&post=306"}],"curies":[{"name":"wp","href":"https:\/\/api.w.org\/{rel}","templated":true}]}}